{"@context":"https:\/\/schema.org\/","@type":"CollectionPage","@id":"https:\/\/www.artamo.cz\/produkty\/#CollectionPage","headline":"Produkty Category","description":"","url":"https:\/\/www.artamo.cz\/produkty\/","hasPart":[{"@type":"Article","@id":"https:\/\/www.artamo.cz\/kabriolet-skoda-felicia-je-dostupny-mezi-modely-aut\/","headline":"Kabriolet \u0160koda Felicia je dostupn\u00fd mezi modely aut","url":"https:\/\/www.artamo.cz\/kabriolet-skoda-felicia-je-dostupny-mezi-modely-aut\/","datePublished":"2026-01-05","dateModified":"2026-01-05","mainEntityOfPage":"https:\/\/www.artamo.cz\/kabriolet-skoda-felicia-je-dostupny-mezi-modely-aut\/","author":{"@type":"Person","@id":"https:\/\/www.artamo.cz\/author\/devene\/#Person","name":"devene","url":"https:\/\/www.artamo.cz\/author\/devene\/","identifier":1,"image":{"@type":"ImageObject","@id":"https:\/\/secure.gravatar.com\/avatar\/44215cbfc388d6c267f7eccf0a5fae95a459f733d44435ee1a21bfc9d2aea339?s=96&d=mm&r=g","url":"https:\/\/secure.gravatar.com\/avatar\/44215cbfc388d6c267f7eccf0a5fae95a459f733d44435ee1a21bfc9d2aea339?s=96&d=mm&r=g","height":96,"width":96}},"publisher":{"@type":"Organization","name":"artamo.cz","logo":{"@type":"ImageObject","@id":"\/logo.png","url":"\/logo.png","width":600,"height":60}},"image":{"@type":"ImageObject","@id":"https:\/\/www.artamo.cz\/wp-content\/uploads\/bernswaelz-skoda-felicia-super-3675529_640.jpg","url":"https:\/\/www.artamo.cz\/wp-content\/uploads\/bernswaelz-skoda-felicia-super-3675529_640.jpg","height":0,"width":0},"keywords":null},{"@type":"Article","@id":"https:\/\/www.artamo.cz\/objevte-kouzlo-vietnamskych-caju\/","headline":"Objevte kouzlo vietnamsk\u00fdch \u010daj\u016f","url":"https:\/\/www.artamo.cz\/objevte-kouzlo-vietnamskych-caju\/","datePublished":"2025-06-10","dateModified":"2025-06-10","mainEntityOfPage":"https:\/\/www.artamo.cz\/objevte-kouzlo-vietnamskych-caju\/","author":{"@type":"Person","@id":"https:\/\/www.artamo.cz\/author\/devene\/#Person","name":"devene","url":"https:\/\/www.artamo.cz\/author\/devene\/","identifier":1,"image":{"@type":"ImageObject","@id":"https:\/\/secure.gravatar.com\/avatar\/44215cbfc388d6c267f7eccf0a5fae95a459f733d44435ee1a21bfc9d2aea339?s=96&d=mm&r=g","url":"https:\/\/secure.gravatar.com\/avatar\/44215cbfc388d6c267f7eccf0a5fae95a459f733d44435ee1a21bfc9d2aea339?s=96&d=mm&r=g","height":96,"width":96}},"publisher":{"@type":"Organization","name":"artamo.cz","logo":{"@type":"ImageObject","@id":"\/logo.png","url":"\/logo.png","width":600,"height":60}},"image":{"@type":"ImageObject","@id":"https:\/\/www.artamo.cz\/wp-content\/uploads\/tea-1869716_640_8.jpg","url":"https:\/\/www.artamo.cz\/wp-content\/uploads\/tea-1869716_640_8.jpg","height":0,"width":0},"keywords":null},{"@type":"Article","@id":"https:\/\/www.artamo.cz\/starozitny-sperk-zajimava-investice-i-darek-s-pribehem\/","headline":"Staro\u017eitn\u00fd \u0161perk: Zaj\u00edmav\u00e1 investice i d\u00e1rek s p\u0159\u00edb\u011bhem","url":"https:\/\/www.artamo.cz\/starozitny-sperk-zajimava-investice-i-darek-s-pribehem\/","datePublished":"2024-03-22","dateModified":"2024-03-25","mainEntityOfPage":"https:\/\/www.artamo.cz\/starozitny-sperk-zajimava-investice-i-darek-s-pribehem\/","author":{"@type":"Person","@id":"https:\/\/www.artamo.cz\/author\/devene\/#Person","name":"devene","url":"https:\/\/www.artamo.cz\/author\/devene\/","identifier":1,"image":{"@type":"ImageObject","@id":"https:\/\/secure.gravatar.com\/avatar\/44215cbfc388d6c267f7eccf0a5fae95a459f733d44435ee1a21bfc9d2aea339?s=96&d=mm&r=g","url":"https:\/\/secure.gravatar.com\/avatar\/44215cbfc388d6c267f7eccf0a5fae95a459f733d44435ee1a21bfc9d2aea339?s=96&d=mm&r=g","height":96,"width":96}},"publisher":{"@type":"Organization","name":"artamo.cz","logo":{"@type":"ImageObject","@id":"\/logo.png","url":"\/logo.png","width":600,"height":60}},"image":{"@type":"ImageObject","@id":"https:\/\/www.artamo.cz\/wp-content\/uploads\/sperky_3rjZDI.jpg","url":"https:\/\/www.artamo.cz\/wp-content\/uploads\/sperky_3rjZDI.jpg","height":0,"width":0},"keywords":null},{"@type":"Article","@id":"https:\/\/www.artamo.cz\/cialis-pro-muze\/","headline":"Cialis pro mu\u017ee","url":"https:\/\/www.artamo.cz\/cialis-pro-muze\/","datePublished":"2023-06-30","dateModified":"2024-05-29","mainEntityOfPage":"https:\/\/www.artamo.cz\/cialis-pro-muze\/","author":{"@type":"Person","@id":"https:\/\/www.artamo.cz\/author\/devene\/#Person","name":"devene","url":"https:\/\/www.artamo.cz\/author\/devene\/","identifier":1,"image":{"@type":"ImageObject","@id":"https:\/\/secure.gravatar.com\/avatar\/44215cbfc388d6c267f7eccf0a5fae95a459f733d44435ee1a21bfc9d2aea339?s=96&d=mm&r=g","url":"https:\/\/secure.gravatar.com\/avatar\/44215cbfc388d6c267f7eccf0a5fae95a459f733d44435ee1a21bfc9d2aea339?s=96&d=mm&r=g","height":96,"width":96}},"publisher":{"@type":"Organization","name":"artamo.cz","logo":{"@type":"ImageObject","@id":"\/logo.png","url":"\/logo.png","width":600,"height":60}},"image":{"@type":"ImageObject","@id":"https:\/\/www.artamo.cz\/wp-content\/uploads\/tablet-7001508_1280_1.jpg","url":"https:\/\/www.artamo.cz\/wp-content\/uploads\/tablet-7001508_1280_1.jpg","height":0,"width":0},"keywords":null},{"@type":"Article","@id":"https:\/\/www.artamo.cz\/stydite-se-priznat-problemy\/","headline":"Styd\u00edte se p\u0159iznat probl\u00e9my?","url":"https:\/\/www.artamo.cz\/stydite-se-priznat-problemy\/","datePublished":"2023-01-28","dateModified":"2023-04-29","mainEntityOfPage":"https:\/\/www.artamo.cz\/stydite-se-priznat-problemy\/","author":{"@type":"Person","@id":"https:\/\/www.artamo.cz\/author\/devene\/#Person","name":"devene","url":"https:\/\/www.artamo.cz\/author\/devene\/","identifier":1,"image":{"@type":"ImageObject","@id":"https:\/\/secure.gravatar.com\/avatar\/44215cbfc388d6c267f7eccf0a5fae95a459f733d44435ee1a21bfc9d2aea339?s=96&d=mm&r=g","url":"https:\/\/secure.gravatar.com\/avatar\/44215cbfc388d6c267f7eccf0a5fae95a459f733d44435ee1a21bfc9d2aea339?s=96&d=mm&r=g","height":96,"width":96}},"publisher":{"@type":"Organization","name":"artamo.cz","logo":{"@type":"ImageObject","@id":"\/logo.png","url":"\/logo.png","width":600,"height":60}},"image":{"@type":"ImageObject","@id":"https:\/\/www.artamo.cz\/wp-content\/uploads\/abs-g7560d61d4_640_1.jpg","url":"https:\/\/www.artamo.cz\/wp-content\/uploads\/abs-g7560d61d4_640_1.jpg","height":0,"width":0},"keywords":null},{"@type":"Article","@id":"https:\/\/www.artamo.cz\/sportujte\/","headline":"Sportujte!","url":"https:\/\/www.artamo.cz\/sportujte\/","datePublished":"2022-06-30","dateModified":"2022-06-30","mainEntityOfPage":"https:\/\/www.artamo.cz\/sportujte\/","author":{"@type":"Person","@id":"https:\/\/www.artamo.cz\/author\/devene\/#Person","name":"devene","url":"https:\/\/www.artamo.cz\/author\/devene\/","identifier":1,"image":{"@type":"ImageObject","@id":"https:\/\/secure.gravatar.com\/avatar\/44215cbfc388d6c267f7eccf0a5fae95a459f733d44435ee1a21bfc9d2aea339?s=96&d=mm&r=g","url":"https:\/\/secure.gravatar.com\/avatar\/44215cbfc388d6c267f7eccf0a5fae95a459f733d44435ee1a21bfc9d2aea339?s=96&d=mm&r=g","height":96,"width":96}},"publisher":{"@type":"Organization","name":"artamo.cz","logo":{"@type":"ImageObject","@id":"\/logo.png","url":"\/logo.png","width":600,"height":60}},"image":{"@type":"ImageObject","@id":"https:\/\/www.artamo.cz\/wp-content\/uploads\/running-track-g8698f98d6_640.jpg","url":"https:\/\/www.artamo.cz\/wp-content\/uploads\/running-track-g8698f98d6_640.jpg","height":0,"width":0},"keywords":null},{"@type":"Article","@id":"https:\/\/www.artamo.cz\/nejkrasnejsi-saty-na-ples\/","headline":"Nejkr\u00e1sn\u011bj\u0161\u00ed \u0161aty na ples","url":"https:\/\/www.artamo.cz\/nejkrasnejsi-saty-na-ples\/","datePublished":"2022-02-25","dateModified":"2022-02-25","mainEntityOfPage":"https:\/\/www.artamo.cz\/nejkrasnejsi-saty-na-ples\/","author":{"@type":"Person","@id":"https:\/\/www.artamo.cz\/author\/devene\/#Person","name":"devene","url":"https:\/\/www.artamo.cz\/author\/devene\/","identifier":1,"image":{"@type":"ImageObject","@id":"https:\/\/secure.gravatar.com\/avatar\/44215cbfc388d6c267f7eccf0a5fae95a459f733d44435ee1a21bfc9d2aea339?s=96&d=mm&r=g","url":"https:\/\/secure.gravatar.com\/avatar\/44215cbfc388d6c267f7eccf0a5fae95a459f733d44435ee1a21bfc9d2aea339?s=96&d=mm&r=g","height":96,"width":96}},"publisher":{"@type":"Organization","name":"artamo.cz","logo":{"@type":"ImageObject","@id":"\/logo.png","url":"\/logo.png","width":600,"height":60}},"image":{"@type":"ImageObject","@id":"https:\/\/www.artamo.cz\/wp-content\/uploads\/young-woman-g1bd8a5c69_640.jpg","url":"https:\/\/www.artamo.cz\/wp-content\/uploads\/young-woman-g1bd8a5c69_640.jpg","height":0,"width":0},"keywords":null},{"@type":"Article","@id":"https:\/\/www.artamo.cz\/jak-je-to-s-tou-mzdou\/","headline":"Jak je to s tou mzdou?","url":"https:\/\/www.artamo.cz\/jak-je-to-s-tou-mzdou\/","datePublished":"2021-10-18","dateModified":"2023-04-29","mainEntityOfPage":"https:\/\/www.artamo.cz\/jak-je-to-s-tou-mzdou\/","author":{"@type":"Person","@id":"https:\/\/www.artamo.cz\/author\/devene\/#Person","name":"devene","url":"https:\/\/www.artamo.cz\/author\/devene\/","identifier":1,"image":{"@type":"ImageObject","@id":"https:\/\/secure.gravatar.com\/avatar\/44215cbfc388d6c267f7eccf0a5fae95a459f733d44435ee1a21bfc9d2aea339?s=96&d=mm&r=g","url":"https:\/\/secure.gravatar.com\/avatar\/44215cbfc388d6c267f7eccf0a5fae95a459f733d44435ee1a21bfc9d2aea339?s=96&d=mm&r=g","height":96,"width":96}},"publisher":{"@type":"Organization","name":"artamo.cz","logo":{"@type":"ImageObject","@id":"\/logo.png","url":"\/logo.png","width":600,"height":60}},"image":{"@type":"ImageObject","@id":"https:\/\/www.artamo.cz\/wp-content\/uploads\/symbol%20libry_2.jpg","url":"https:\/\/www.artamo.cz\/wp-content\/uploads\/symbol%20libry_2.jpg","height":0,"width":0},"keywords":null},{"@type":"Article","@id":"https:\/\/www.artamo.cz\/recyklovane-nadobi-ktere-se-vam-nerozpadne-pod-rukama\/","headline":"Recyklovan\u00e9 n\u00e1dob\u00ed, kter\u00e9 se v\u00e1m nerozpadne pod rukama","url":"https:\/\/www.artamo.cz\/recyklovane-nadobi-ktere-se-vam-nerozpadne-pod-rukama\/","datePublished":"2021-08-22","dateModified":"2023-08-17","mainEntityOfPage":"https:\/\/www.artamo.cz\/recyklovane-nadobi-ktere-se-vam-nerozpadne-pod-rukama\/","author":{"@type":"Person","@id":"https:\/\/www.artamo.cz\/author\/devene\/#Person","name":"devene","url":"https:\/\/www.artamo.cz\/author\/devene\/","identifier":1,"image":{"@type":"ImageObject","@id":"https:\/\/secure.gravatar.com\/avatar\/44215cbfc388d6c267f7eccf0a5fae95a459f733d44435ee1a21bfc9d2aea339?s=96&d=mm&r=g","url":"https:\/\/secure.gravatar.com\/avatar\/44215cbfc388d6c267f7eccf0a5fae95a459f733d44435ee1a21bfc9d2aea339?s=96&d=mm&r=g","height":96,"width":96}},"publisher":{"@type":"Organization","name":"artamo.cz","logo":{"@type":"ImageObject","@id":"\/logo.png","url":"\/logo.png","width":600,"height":60}},"image":{"@type":"ImageObject","@id":"https:\/\/www.artamo.cz\/wp-content\/uploads\/162_cocktailstirrer-2048x_n1YS3V.jpg","url":"https:\/\/www.artamo.cz\/wp-content\/uploads\/162_cocktailstirrer-2048x_n1YS3V.jpg","height":0,"width":0},"keywords":null},{"@type":"Article","@id":"https:\/\/www.artamo.cz\/betonovy-plot-nemusite-stavet-sami\/","headline":"Betonov\u00fd plot nemus\u00edte stav\u011bt sami","url":"https:\/\/www.artamo.cz\/betonovy-plot-nemusite-stavet-sami\/","datePublished":"2021-08-05","dateModified":"2023-04-29","mainEntityOfPage":"https:\/\/www.artamo.cz\/betonovy-plot-nemusite-stavet-sami\/","author":{"@type":"Person","@id":"https:\/\/www.artamo.cz\/author\/devene\/#Person","name":"devene","url":"https:\/\/www.artamo.cz\/author\/devene\/","identifier":1,"image":{"@type":"ImageObject","@id":"https:\/\/secure.gravatar.com\/avatar\/44215cbfc388d6c267f7eccf0a5fae95a459f733d44435ee1a21bfc9d2aea339?s=96&d=mm&r=g","url":"https:\/\/secure.gravatar.com\/avatar\/44215cbfc388d6c267f7eccf0a5fae95a459f733d44435ee1a21bfc9d2aea339?s=96&d=mm&r=g","height":96,"width":96}},"publisher":{"@type":"Organization","name":"artamo.cz","logo":{"@type":"ImageObject","@id":"\/logo.png","url":"\/logo.png","width":600,"height":60}},"image":{"@type":"ImageObject","@id":"https:\/\/www.artamo.cz\/wp-content\/uploads\/b%C5%99e%C4%8D%C5%A5an%20na%20zdi_10_10_2.jpg","url":"https:\/\/www.artamo.cz\/wp-content\/uploads\/b%C5%99e%C4%8D%C5%A5an%20na%20zdi_10_10_2.jpg","height":0,"width":0},"keywords":null}]}