[{"@context":"https:\/\/schema.org\/","@type":"Blog","@id":"https:\/\/www.artamo.cz#Blog","headline":"Art amo","description":"\nExistuje ur\u010dit\u011b cel\u00e1 \u0159ada web\u016f, kter\u00e9 poskytuj\u00ed neoceniteln\u00e9 slu\u017eby. Ale pro\u010d byste se s nimi pracn\u011b hledali, kdy\u017e m\u00e1te jeden z nich \u2013 ten n\u00e1\u0161 \u2013 p\u0159\u00edmo tady?","url":"https:\/\/www.artamo.cz","hasPart":[{"@type":"Article","@id":"https:\/\/www.artamo.cz\/splnte-si-sen-o-vlastnim-bydleni-jeste-letos\/","headline":"Spl\u0148te si sen o vlastn\u00edm bydlen\u00ed je\u0161t\u011b letos","url":"https:\/\/www.artamo.cz\/splnte-si-sen-o-vlastnim-bydleni-jeste-letos\/","datePublished":"2017-09-09","dateModified":"2023-04-29","mainEntityOfPage":"https:\/\/www.artamo.cz\/splnte-si-sen-o-vlastnim-bydleni-jeste-letos\/","author":{"@type":"Person","@id":"https:\/\/www.artamo.cz\/author\/devene\/#Person","name":"devene","url":"https:\/\/www.artamo.cz\/author\/devene\/","identifier":1,"image":{"@type":"ImageObject","@id":"https:\/\/secure.gravatar.com\/avatar\/44215cbfc388d6c267f7eccf0a5fae95a459f733d44435ee1a21bfc9d2aea339?s=96&d=mm&r=g","url":"https:\/\/secure.gravatar.com\/avatar\/44215cbfc388d6c267f7eccf0a5fae95a459f733d44435ee1a21bfc9d2aea339?s=96&d=mm&r=g","height":96,"width":96}},"publisher":{"@type":"Organization","name":"artamo.cz","logo":{"@type":"ImageObject","@id":"\/logo.png","url":"\/logo.png","width":600,"height":60}},"image":{"@type":"ImageObject","@id":"https:\/\/www.artamo.cz\/wp-content\/uploads\/img_a297756_w1761_t1508149400.jpg","url":"https:\/\/www.artamo.cz\/wp-content\/uploads\/img_a297756_w1761_t1508149400.jpg","height":0,"width":0},"wordCount":526,"keywords":null},{"@type":"Article","@id":"https:\/\/www.artamo.cz\/kdyz-bezinkovy-sirup-tak-prave-ten-z-plodu\/","headline":"Kdy\u017e bezinkov\u00fd sirup, tak pr\u00e1v\u011b ten z plod\u016f","url":"https:\/\/www.artamo.cz\/kdyz-bezinkovy-sirup-tak-prave-ten-z-plodu\/","datePublished":"2017-06-02","dateModified":"2023-04-29","mainEntityOfPage":"https:\/\/www.artamo.cz\/kdyz-bezinkovy-sirup-tak-prave-ten-z-plodu\/","author":{"@type":"Person","@id":"https:\/\/www.artamo.cz\/author\/devene\/#Person","name":"devene","url":"https:\/\/www.artamo.cz\/author\/devene\/","identifier":1,"image":{"@type":"ImageObject","@id":"https:\/\/secure.gravatar.com\/avatar\/44215cbfc388d6c267f7eccf0a5fae95a459f733d44435ee1a21bfc9d2aea339?s=96&d=mm&r=g","url":"https:\/\/secure.gravatar.com\/avatar\/44215cbfc388d6c267f7eccf0a5fae95a459f733d44435ee1a21bfc9d2aea339?s=96&d=mm&r=g","height":96,"width":96}},"publisher":{"@type":"Organization","name":"artamo.cz","logo":{"@type":"ImageObject","@id":"\/logo.png","url":"\/logo.png","width":600,"height":60}},"image":{"@type":"ImageObject","@id":"https:\/\/www.artamo.cz\/wp-content\/uploads\/img_a294730_w2091_t1506529140.jpg","url":"https:\/\/www.artamo.cz\/wp-content\/uploads\/img_a294730_w2091_t1506529140.jpg","height":0,"width":0},"wordCount":500,"keywords":null},{"@type":"Article","@id":"https:\/\/www.artamo.cz\/hledejte-tam-kde-se-to-vyplati\/","headline":"Hledejte tam, kde se to vyplat\u00ed","url":"https:\/\/www.artamo.cz\/hledejte-tam-kde-se-to-vyplati\/","datePublished":"2017-04-19","dateModified":"2023-04-29","mainEntityOfPage":"https:\/\/www.artamo.cz\/hledejte-tam-kde-se-to-vyplati\/","author":{"@type":"Person","@id":"https:\/\/www.artamo.cz\/author\/devene\/#Person","name":"devene","url":"https:\/\/www.artamo.cz\/author\/devene\/","identifier":1,"image":{"@type":"ImageObject","@id":"https:\/\/secure.gravatar.com\/avatar\/44215cbfc388d6c267f7eccf0a5fae95a459f733d44435ee1a21bfc9d2aea339?s=96&d=mm&r=g","url":"https:\/\/secure.gravatar.com\/avatar\/44215cbfc388d6c267f7eccf0a5fae95a459f733d44435ee1a21bfc9d2aea339?s=96&d=mm&r=g","height":96,"width":96}},"publisher":{"@type":"Organization","name":"artamo.cz","logo":{"@type":"ImageObject","@id":"\/logo.png","url":"\/logo.png","width":600,"height":60}},"image":{"@type":"ImageObject","@id":"https:\/\/www.artamo.cz\/wp-content\/uploads\/img_a287547_w2195_t1498145580.jpg","url":"https:\/\/www.artamo.cz\/wp-content\/uploads\/img_a287547_w2195_t1498145580.jpg","height":0,"width":0},"wordCount":492,"keywords":null},{"@type":"Article","@id":"https:\/\/www.artamo.cz\/nejlepsi-evropska-lazenska-mista-pro-vas-odpocinek\/","headline":"Nejlep\u0161\u00ed evropsk\u00e1 l\u00e1ze\u0148sk\u00e1 m\u00edsta pro v\u00e1\u0161 odpo\u010dinek","url":"https:\/\/www.artamo.cz\/nejlepsi-evropska-lazenska-mista-pro-vas-odpocinek\/","datePublished":"2017-02-21","dateModified":"2023-04-29","mainEntityOfPage":"https:\/\/www.artamo.cz\/nejlepsi-evropska-lazenska-mista-pro-vas-odpocinek\/","author":{"@type":"Person","@id":"https:\/\/www.artamo.cz\/author\/devene\/#Person","name":"devene","url":"https:\/\/www.artamo.cz\/author\/devene\/","identifier":1,"image":{"@type":"ImageObject","@id":"https:\/\/secure.gravatar.com\/avatar\/44215cbfc388d6c267f7eccf0a5fae95a459f733d44435ee1a21bfc9d2aea339?s=96&d=mm&r=g","url":"https:\/\/secure.gravatar.com\/avatar\/44215cbfc388d6c267f7eccf0a5fae95a459f733d44435ee1a21bfc9d2aea339?s=96&d=mm&r=g","height":96,"width":96}},"publisher":{"@type":"Organization","name":"artamo.cz","logo":{"@type":"ImageObject","@id":"\/logo.png","url":"\/logo.png","width":600,"height":60}},"image":null,"wordCount":507,"keywords":null},{"@type":"Article","@id":"https:\/\/www.artamo.cz\/jak-zvladnou-maturitu-levou-zadni\/","headline":"Jak zvl\u00e1dnou maturitu levou zadn\u00ed?","url":"https:\/\/www.artamo.cz\/jak-zvladnou-maturitu-levou-zadni\/","datePublished":"2017-01-21","dateModified":"2023-04-29","mainEntityOfPage":"https:\/\/www.artamo.cz\/jak-zvladnou-maturitu-levou-zadni\/","author":{"@type":"Person","@id":"https:\/\/www.artamo.cz\/author\/devene\/#Person","name":"devene","url":"https:\/\/www.artamo.cz\/author\/devene\/","identifier":1,"image":{"@type":"ImageObject","@id":"https:\/\/secure.gravatar.com\/avatar\/44215cbfc388d6c267f7eccf0a5fae95a459f733d44435ee1a21bfc9d2aea339?s=96&d=mm&r=g","url":"https:\/\/secure.gravatar.com\/avatar\/44215cbfc388d6c267f7eccf0a5fae95a459f733d44435ee1a21bfc9d2aea339?s=96&d=mm&r=g","height":96,"width":96}},"publisher":{"@type":"Organization","name":"artamo.cz","logo":{"@type":"ImageObject","@id":"\/logo.png","url":"\/logo.png","width":600,"height":60}},"image":null,"wordCount":584,"keywords":null},{"@type":"Article","@id":"https:\/\/www.artamo.cz\/myslete-na-budoucnost\/","headline":"Myslete na budoucnost","url":"https:\/\/www.artamo.cz\/myslete-na-budoucnost\/","datePublished":"2017-01-10","dateModified":"2023-04-29","mainEntityOfPage":"https:\/\/www.artamo.cz\/myslete-na-budoucnost\/","author":{"@type":"Person","@id":"https:\/\/www.artamo.cz\/author\/devene\/#Person","name":"devene","url":"https:\/\/www.artamo.cz\/author\/devene\/","identifier":1,"image":{"@type":"ImageObject","@id":"https:\/\/secure.gravatar.com\/avatar\/44215cbfc388d6c267f7eccf0a5fae95a459f733d44435ee1a21bfc9d2aea339?s=96&d=mm&r=g","url":"https:\/\/secure.gravatar.com\/avatar\/44215cbfc388d6c267f7eccf0a5fae95a459f733d44435ee1a21bfc9d2aea339?s=96&d=mm&r=g","height":96,"width":96}},"publisher":{"@type":"Organization","name":"artamo.cz","logo":{"@type":"ImageObject","@id":"\/logo.png","url":"\/logo.png","width":600,"height":60}},"image":{"@type":"ImageObject","@id":"https:\/\/www.artamo.cz\/wp-content\/uploads\/img_a282224_w1932_t1601889045.jpg","url":"https:\/\/www.artamo.cz\/wp-content\/uploads\/img_a282224_w1932_t1601889045.jpg","height":0,"width":0},"wordCount":517,"keywords":null},{"@type":"Article","@id":"https:\/\/www.artamo.cz\/americka-hypoteka\/","headline":"Americk\u00e1 hypot\u00e9ka","url":"https:\/\/www.artamo.cz\/americka-hypoteka\/","datePublished":"2016-11-25","dateModified":"2023-04-29","mainEntityOfPage":"https:\/\/www.artamo.cz\/americka-hypoteka\/","author":{"@type":"Person","@id":"https:\/\/www.artamo.cz\/author\/devene\/#Person","name":"devene","url":"https:\/\/www.artamo.cz\/author\/devene\/","identifier":1,"image":{"@type":"ImageObject","@id":"https:\/\/secure.gravatar.com\/avatar\/44215cbfc388d6c267f7eccf0a5fae95a459f733d44435ee1a21bfc9d2aea339?s=96&d=mm&r=g","url":"https:\/\/secure.gravatar.com\/avatar\/44215cbfc388d6c267f7eccf0a5fae95a459f733d44435ee1a21bfc9d2aea339?s=96&d=mm&r=g","height":96,"width":96}},"publisher":{"@type":"Organization","name":"artamo.cz","logo":{"@type":"ImageObject","@id":"\/logo.png","url":"\/logo.png","width":600,"height":60}},"image":{"@type":"ImageObject","@id":"https:\/\/www.artamo.cz\/wp-content\/uploads\/img_a279112_w3921_t1602665787.jpg","url":"https:\/\/www.artamo.cz\/wp-content\/uploads\/img_a279112_w3921_t1602665787.jpg","height":0,"width":0},"wordCount":492,"keywords":null},{"@type":"Article","@id":"https:\/\/www.artamo.cz\/zivot-ceskeho-podnikatele-neni-idylka\/","headline":"\u017divot \u010desk\u00e9ho podnikatele nen\u00ed idylka","url":"https:\/\/www.artamo.cz\/zivot-ceskeho-podnikatele-neni-idylka\/","datePublished":"2016-11-12","dateModified":"2023-04-29","mainEntityOfPage":"https:\/\/www.artamo.cz\/zivot-ceskeho-podnikatele-neni-idylka\/","author":{"@type":"Person","@id":"https:\/\/www.artamo.cz\/author\/devene\/#Person","name":"devene","url":"https:\/\/www.artamo.cz\/author\/devene\/","identifier":1,"image":{"@type":"ImageObject","@id":"https:\/\/secure.gravatar.com\/avatar\/44215cbfc388d6c267f7eccf0a5fae95a459f733d44435ee1a21bfc9d2aea339?s=96&d=mm&r=g","url":"https:\/\/secure.gravatar.com\/avatar\/44215cbfc388d6c267f7eccf0a5fae95a459f733d44435ee1a21bfc9d2aea339?s=96&d=mm&r=g","height":96,"width":96}},"publisher":{"@type":"Organization","name":"artamo.cz","logo":{"@type":"ImageObject","@id":"\/logo.png","url":"\/logo.png","width":600,"height":60}},"image":{"@type":"ImageObject","@id":"https:\/\/www.artamo.cz\/wp-content\/uploads\/img_a278629_w3921_t1602477882.jpg","url":"https:\/\/www.artamo.cz\/wp-content\/uploads\/img_a278629_w3921_t1602477882.jpg","height":0,"width":0},"wordCount":553,"keywords":null},{"@type":"Article","@id":"https:\/\/www.artamo.cz\/vyznate-se-v-socialnich-sitich\/","headline":"Vyzn\u00e1te se v soci\u00e1ln\u00edch s\u00edt\u00edch?","url":"https:\/\/www.artamo.cz\/vyznate-se-v-socialnich-sitich\/","datePublished":"2016-11-10","dateModified":"2023-04-29","mainEntityOfPage":"https:\/\/www.artamo.cz\/vyznate-se-v-socialnich-sitich\/","author":{"@type":"Person","@id":"https:\/\/www.artamo.cz\/author\/devene\/#Person","name":"devene","url":"https:\/\/www.artamo.cz\/author\/devene\/","identifier":1,"image":{"@type":"ImageObject","@id":"https:\/\/secure.gravatar.com\/avatar\/44215cbfc388d6c267f7eccf0a5fae95a459f733d44435ee1a21bfc9d2aea339?s=96&d=mm&r=g","url":"https:\/\/secure.gravatar.com\/avatar\/44215cbfc388d6c267f7eccf0a5fae95a459f733d44435ee1a21bfc9d2aea339?s=96&d=mm&r=g","height":96,"width":96}},"publisher":{"@type":"Organization","name":"artamo.cz","logo":{"@type":"ImageObject","@id":"\/logo.png","url":"\/logo.png","width":600,"height":60}},"image":{"@type":"ImageObject","@id":"https:\/\/www.artamo.cz\/wp-content\/uploads\/img_a278586_w3921_t1602149310.png","url":"https:\/\/www.artamo.cz\/wp-content\/uploads\/img_a278586_w3921_t1602149310.png","height":0,"width":0},"wordCount":492,"keywords":null}]},{"@context":"https:\/\/schema.org","@type":"WebSite","@id":"https:\/\/www.artamo.cz\/#website","name":"Art amo","url":"https:\/\/www.artamo.cz","potentialAction":{"@type":"SearchAction","target":"https:\/\/www.artamo.cz\/?s={search_term_string}","query-input":"required name=search_term_string"}}]