[{"@context":"https:\/\/schema.org\/","@type":"Article","@id":"https:\/\/www.artamo.cz\/odmita-me\/#Article","mainEntityOfPage":"https:\/\/www.artamo.cz\/odmita-me\/","headline":"Odm\u00edt\u00e1 m\u011b","name":"Odm\u00edt\u00e1 m\u011b","description":"S partnerem jsme 2 roky, rok spolu bydl\u00edme. U\u017e je to p\u0159es m\u011bs\u00edc, co p\u0159estal m\u00edt z\u00e1jem o intimnosti, prost\u011b m\u011b odm\u00edt\u00e1. Kdy\u017e jsme si o tom promluvili, zjistila jsem, \u017ee nen\u00ed ve vztahu spokojen\u00fd. Nel\u00edb\u00ed se mu m\u00e9 chov\u00e1n\u00ed (v\u017edy muselo b\u00fdt v\u0161e po m\u00e9m, te\u010f m\u011b to mrz\u00ed)","datePublished":"2024-08-29","dateModified":"2024-08-29","author":{"@type":"Person","@id":"https:\/\/www.artamo.cz\/author\/devene\/#Person","name":"devene","url":"https:\/\/www.artamo.cz\/author\/devene\/","identifier":1,"image":{"@type":"ImageObject","@id":"https:\/\/secure.gravatar.com\/avatar\/44215cbfc388d6c267f7eccf0a5fae95a459f733d44435ee1a21bfc9d2aea339?s=96&d=mm&r=g","url":"https:\/\/secure.gravatar.com\/avatar\/44215cbfc388d6c267f7eccf0a5fae95a459f733d44435ee1a21bfc9d2aea339?s=96&d=mm&r=g","height":96,"width":96}},"publisher":{"@type":"Organization","name":"artamo.cz","logo":{"@type":"ImageObject","@id":"\/logo.png","url":"\/logo.png","width":600,"height":60}},"image":{"@type":"ImageObject","@id":"https:\/\/www.artamo.cz\/wp-content\/uploads\/pexels-visoesdomundo-2808658_10_2.jpg","url":"https:\/\/www.artamo.cz\/wp-content\/uploads\/pexels-visoesdomundo-2808658_10_2.jpg","height":0,"width":0},"url":"https:\/\/www.artamo.cz\/odmita-me\/","about":["\u017divotn\u00ed styl"],"wordCount":423,"articleBody":"S partnerem jsme 2 roky, rok spolu bydl\u00edme. U\u017e je to p\u0159es m\u011bs\u00edc, co p\u0159estal m\u00edt z\u00e1jem o intimnosti, prost\u011b m\u011b odm\u00edt\u00e1. Kdy\u017e jsme si o tom promluvili, zjistila jsem, \u017ee nen\u00ed ve vztahu spokojen\u00fd. Nel\u00edb\u00ed se mu m\u00e9 chov\u00e1n\u00ed (v\u017edy muselo b\u00fdt v\u0161e po m\u00e9m, te\u010f m\u011b to mrz\u00ed) a \u017ee toho nem\u00e1me moc spole\u010dn\u00e9ho. Nem\u011bl dostatek volnosti, kterou by si p\u0159edstavoval, ale ne\u0159e\u0161il to. \u017dijeme a pracujeme v Brn\u011b. V pr\u00e1ci nen\u00ed spokojen\u00fd a hled\u00e1 si ji jinde a preferuje Prahu. V\u017edy jsem ho v tom podporovala. Te\u010f u\u017e p\u0159estal v\u011bci se mnou prob\u00edrat, a jedn\u00e1 jako samostatn\u00e1 jednotka. \u0158ekl, \u017ee chce bydlet v Praze, m\u016fj n\u00e1zor ho u\u017e nezaj\u00edm\u00e1 (klidn\u011b bych tam \u0161la s n\u00edm). Nyn\u00ed mi jen ozn\u00e1mil, \u017ee pojede na t\u00fdden do Prahy, za rodinou. Komunikace se u n\u00e1s omezila jen na stru\u010dn\u00e9 odpov\u011bdi \u2013 z jeho strany. Mimo to, m\u00e1me spoustu probl\u00e9m\u016f, kter\u00e9 se mus\u00ed \u0159e\u0161it. Ni\u010deho jsem si celou dobu nev\u0161imla a byla jsem spokojena. Jinak st\u00e1le funguje norm\u00e1ln\u011b, nakoup\u00ed, uklid\u00ed, pom\u016f\u017ee. Je to citliv\u00fd, hodn\u00fd, ob\u011btav\u00fd a slu\u0161n\u00fd mu\u017e. Jen si sv\u00e9 \u0161patn\u00e9 pocity dr\u017eel dlouho v sob\u011b. Nev\u011bra v tom nen\u00ed. J\u00e1 jsem se z toho v\u0161eho zhroutila, nev\u00edm, co si m\u00e1m myslet, nechci o n\u011bj p\u0159ij\u00edt. Docela m\u011b p\u0159ekvapilo, kdy\u017e mi popsal to, co c\u00edt\u00ed a up\u0159\u00edmn\u011b jsem to ne\u010dekala. Je mi l\u00edto, \u017ee spolu te\u010f moc nemluv\u00edme a nekomunikujeme a ni\u010d\u00ed m\u011b to. Jsem z toho ne\u0161\u0165astn\u00e1 a byla bych r\u00e1da, aby to bylo kr\u00e1sn\u00e9 jako p\u0159edt\u00edm, ale v\u016fbec nev\u00edm, jak to vr\u00e1tit zp\u00e1tky. Rozhodn\u011b je to nejlep\u0161\u00ed mu\u017e, kter\u00e9ho jsem v \u017eivot\u011b potkala, a pr\u00e1v\u011b proto si ho tak moc v\u00e1\u017e\u00edm a obdivuji ho. Nikdy jsem neza\u017eila tak\u0159ka u mu\u017ee to, \u017ee by s\u00e1m od sebe \u017een\u011b pomohl, nebo ud\u011blal, co je pot\u0159eba. To za\u017e\u00edv\u00e1m a\u017e s n\u00edm a m\u00e1m takov\u00fd siln\u00fd pocit, \u017ee je to ten prav\u00fd, kter\u00e9ho jsem tak dlouho pracn\u011b hledala. Cht\u011bla bych n\u00e1\u0161 vztah znovu o\u017eivit a douf\u00e1m, \u017ee se mi to n\u011bjak\u00fdm zp\u016fsobem poda\u0159\u00ed a budeme spolu \u0161\u0165astn\u00ed.                                                                                                                                                                                                                                                                                                                                                                                        2.9\/5 - (7 votes)        "},{"@context":"https:\/\/schema.org\/","@type":"BreadcrumbList","itemListElement":[{"@type":"ListItem","position":1,"name":"Odm\u00edt\u00e1 m\u011b","item":"https:\/\/www.artamo.cz\/odmita-me\/#breadcrumbitem"}]}]