[{"@context":"https:\/\/schema.org\/","@type":"Article","@id":"https:\/\/www.artamo.cz\/odlisne-zivotni-styly\/#Article","mainEntityOfPage":"https:\/\/www.artamo.cz\/odlisne-zivotni-styly\/","headline":"Odli\u0161n\u00e9 \u017eivotn\u00ed styly","name":"Odli\u0161n\u00e9 \u017eivotn\u00ed styly","description":"M\u00edt \u017eivotn\u00ed styl na \u00farovni, tak to d\u00e1 n\u011bkdy opravdu hodn\u011b zabrat. M\u011b samotnou v\u017edycky uchv\u00e1t\u00ed fakt n\u011bkdo n\u011bco \u0159ekne, \u017ee d\u011bl\u00e1m n\u011bco \u0161patn\u011b anebo \u017ee se n\u011bco n\u011bkomu v\u016fbec nel\u00edb\u00ed. J\u00e1 si mysl\u00edm, \u017ee je snad moje v\u011bc, co si d\u011bl\u00e1 se sv\u00fdm \u017eivotn\u00edm stylem nebo se sv\u00fdm \u017eivotem,","datePublished":"2024-08-31","dateModified":"2024-08-31","author":{"@type":"Person","@id":"https:\/\/www.artamo.cz\/author\/devene\/#Person","name":"devene","url":"https:\/\/www.artamo.cz\/author\/devene\/","identifier":1,"image":{"@type":"ImageObject","@id":"https:\/\/secure.gravatar.com\/avatar\/44215cbfc388d6c267f7eccf0a5fae95a459f733d44435ee1a21bfc9d2aea339?s=96&d=mm&r=g","url":"https:\/\/secure.gravatar.com\/avatar\/44215cbfc388d6c267f7eccf0a5fae95a459f733d44435ee1a21bfc9d2aea339?s=96&d=mm&r=g","height":96,"width":96}},"publisher":{"@type":"Organization","name":"artamo.cz","logo":{"@type":"ImageObject","@id":"\/logo.png","url":"\/logo.png","width":600,"height":60}},"image":{"@type":"ImageObject","@id":"https:\/\/www.artamo.cz\/wp-content\/uploads\/women-6781342_1280.jpg","url":"https:\/\/www.artamo.cz\/wp-content\/uploads\/women-6781342_1280.jpg","height":0,"width":0},"url":"https:\/\/www.artamo.cz\/odlisne-zivotni-styly\/","about":["\u017divotn\u00ed styl"],"wordCount":416,"articleBody":"M\u00edt \u017eivotn\u00ed styl na \u00farovni, tak to d\u00e1 n\u011bkdy opravdu hodn\u011b zabrat. M\u011b samotnou v\u017edycky uchv\u00e1t\u00ed fakt n\u011bkdo n\u011bco \u0159ekne, \u017ee d\u011bl\u00e1m n\u011bco \u0161patn\u011b anebo \u017ee se n\u011bco n\u011bkomu v\u016fbec nel\u00edb\u00ed. J\u00e1 si mysl\u00edm, \u017ee je snad moje v\u011bc, co si d\u011bl\u00e1 se sv\u00fdm \u017eivotn\u00edm stylem nebo se sv\u00fdm \u017eivotem, proto\u017ee kdy\u017e t\u0159eba chci sportovat a jsem nachlazen\u00e1 a\u00a0n\u011bkdo mi to rozmlouv\u00e1, tak je to p\u0159eci m\u016fj probl\u00e9m a moje v\u011bc. Je p\u0159eci moje v\u011bc, jestli si p\u016fjdu zab\u011bhat nebo jinak zasportovat, kdy\u017e m\u00e1m r\u00fdmu anebo ka\u0161el. J\u00e1 nejsem takov\u00fd typ \u010dlov\u011bka, kter\u00fd si ihned lehne. J\u00e1 jsem t\u0159eba brala antibiotika v \u017eivot\u011b pouze jenom dvakr\u00e1t anebo maxim\u00e1ln\u011b t\u0159ikr\u00e1t. Jinak jsem opravdu hodn\u011b odoln\u00fd \u010dlov\u011bk a mo\u017en\u00e1 kv\u016fli tomu, \u017ee jsem hodn\u011b m\u00e1lo\u00a0brala antibiotika, tak m\u00e1m opravdu perfektn\u00ed imunitu. M\u016fj imunitn\u00ed syst\u00e9m je d\u00edky m\u00e9mu skv\u011bl\u00e9mu \u017eivotn\u00edmu stylu opravdu na perfektn\u00ed \u00farovni. A vy si pamatujete, kolikr\u00e1t jste asi brali antibiotika? Mnoho lid\u00ed je t\u0159eba bere i ka\u017ed\u00fd m\u011bs\u00edc anebo n\u011bkolikr\u00e1t ro\u010dn\u011b. To je potom pro jejich zdrav\u00ed a celkov\u011b pro zdrav\u00fd \u017eivotn\u00ed styl opravdu hodn\u011b a m\u011bli by to lidi zm\u011bnit. Jenom\u017ee ch\u00e1pu, \u017ee kdo m\u00e1 opravdu hodn\u011b oslabenou imunitu a je \u010dasto nemocn\u00fd, tak asi antibiotika bude br\u00e1t velice \u010dasto.I kdy\u017e t\u0159eba \u010dlov\u011bk si to nep\u0159eje, ale\u00a0jak jinak chcete t\u0159eba porazit\u00a0n\u011bjakou infekci? I kdy\u017e chcete m\u00edt opravdu skv\u011bl\u00fd a perfektn\u00ed \u017eivotn\u00ed styl, tak se n\u011bkdy bez chemick\u00fdch l\u00e9k\u016f jednodu\u0161e neobejdete. N\u011bkdo chce \u017e\u00edt v p\u0159\u00edrodn\u00edm \u017eivotem, ale n\u011bkdo zase \u017eije tak, jak se mu l\u00edb\u00ed a jak je to v\u00edce pohodln\u00e9. N\u011bkdo chce \u017e\u00edt ve stylu bio v\u00a0souzn\u011bn\u00ed s p\u0159\u00edrodou, ale pro n\u011bkoho to nen\u00ed. Proto\u017ee kdy\u017e chcete \u017e\u00edt se souzn\u011bn\u00ed s p\u0159\u00edrodou, tak v\u00e1s to vyjde opravdu \u010dasov\u011b i finan\u010dn\u011b hodn\u011b draze. Pokud si tedy v\u0161echno nebudete sami p\u011bstovat na zahrad\u011b. Proto\u017ee pokud chcete kvalitn\u00ed bio zeleninu, tak to mus\u00edte koupit u farm\u00e1\u0159e nebo si to vyp\u011bstovat opravdu sami.\u00a0                                                                                                                                                                                                                                                                                                                                                                                        4.1\/5 - (8 votes)        "},{"@context":"https:\/\/schema.org\/","@type":"BreadcrumbList","itemListElement":[{"@type":"ListItem","position":1,"name":"Odli\u0161n\u00e9 \u017eivotn\u00ed styly","item":"https:\/\/www.artamo.cz\/odlisne-zivotni-styly\/#breadcrumbitem"}]}]