[{"@context":"https:\/\/schema.org\/","@type":"Article","@id":"https:\/\/www.artamo.cz\/kdyz-se-rekne-doma\/#Article","mainEntityOfPage":"https:\/\/www.artamo.cz\/kdyz-se-rekne-doma\/","headline":"Kdy\u017e se \u0159ekne doma","name":"Kdy\u017e se \u0159ekne doma","description":"V\u011bt\u0161inu z\u00a0n\u00e1s napadne zn\u00e1m\u00e9 m\u00edsto, teplo rodinn\u00e9ho krbu, spole\u010dn\u00e9 ve\u010dery, hodiny tr\u00e1ven\u00e9 s\u00a0lidmi, co m\u00e1me r\u00e1di. Uv\u011bdomit si, \u017ee nic nen\u00ed samo sebou a na spokojen\u00e9m z\u00e1zem\u00ed mus\u00edme v\u0161ichni zapracovat. Vztahy obecn\u011b jsou vy\u0161\u0161\u00ed d\u00edv\u010d\u00ed, a ne ka\u017ed\u00fd se v\u00a0nich orientuje. Pocit klidu a pohody v\u00a0du\u0161i nenahrad\u00ed nic na sv\u011bt\u011b.","datePublished":"2019-11-20","dateModified":"2023-04-29","author":{"@type":"Person","@id":"https:\/\/www.artamo.cz\/author\/devene\/#Person","name":"devene","url":"https:\/\/www.artamo.cz\/author\/devene\/","identifier":1,"image":{"@type":"ImageObject","@id":"https:\/\/secure.gravatar.com\/avatar\/44215cbfc388d6c267f7eccf0a5fae95a459f733d44435ee1a21bfc9d2aea339?s=96&d=mm&r=g","url":"https:\/\/secure.gravatar.com\/avatar\/44215cbfc388d6c267f7eccf0a5fae95a459f733d44435ee1a21bfc9d2aea339?s=96&d=mm&r=g","height":96,"width":96}},"publisher":{"@type":"Organization","name":"artamo.cz","logo":{"@type":"ImageObject","@id":"\/logo.png","url":"\/logo.png","width":600,"height":60}},"image":{"@type":"ImageObject","@id":"https:\/\/www.artamo.cz\/wp-content\/uploads\/img_a361026_w3921_t1574524177.jpg","url":"https:\/\/www.artamo.cz\/wp-content\/uploads\/img_a361026_w3921_t1574524177.jpg","height":0,"width":0},"url":"https:\/\/www.artamo.cz\/kdyz-se-rekne-doma\/","about":["Domov"],"wordCount":414,"articleBody":"V\u011bt\u0161inu z\u00a0n\u00e1s napadne zn\u00e1m\u00e9 m\u00edsto, teplo rodinn\u00e9ho krbu, spole\u010dn\u00e9 ve\u010dery, hodiny tr\u00e1ven\u00e9 s\u00a0lidmi, co m\u00e1me r\u00e1di. Uv\u011bdomit si, \u017ee nic nen\u00ed samo sebou a na spokojen\u00e9m z\u00e1zem\u00ed mus\u00edme v\u0161ichni zapracovat. Vztahy obecn\u011b jsou vy\u0161\u0161\u00ed d\u00edv\u010d\u00ed, a ne ka\u017ed\u00fd se v\u00a0nich orientuje. Pocit klidu a pohody v\u00a0du\u0161i nenahrad\u00ed nic na sv\u011bt\u011b. \u010casto svou nespokojenost ut\u00e1p\u00edme v\u00a0po\u0159izov\u00e1n\u00ed hmotn\u00fdch v\u011bc\u00ed. N\u00e1\u0161 domov se stane skladi\u0161t\u011bm nepot\u0159ebn\u00fdch n\u00e1kup\u016f, jako n\u00e1plast na du\u0161i. Nikde nen\u00ed naps\u00e1no, \u017ee materi\u00e1ln\u00ed dostatek zajist\u00ed \u010dlov\u011bku spokojenost. Je t\u0159eba uv\u011bdomit si, na kterou stranu barik\u00e1dy se d\u00e1me.\tZapracujme na sob\u011bV\u011b\u010dn\u011b ve stresu, pracovn\u011b p\u0159et\u00ed\u017een\u00ed, dom\u016f se vrac\u00edme unaven\u00ed, na\u0161tvan\u00ed, bez n\u00e1lady reagovat na podn\u011bty kohokoli. Nechce se n\u00e1m komunikovat, nechce se n\u00e1m \u0159e\u0161it po pracovn\u00edch je\u0161t\u011b dom\u00e1c\u00ed probl\u00e9my. \u010casto n\u00e1m na\u0161i bl\u00edzc\u00ed cht\u011bj\u00ed n\u011bco sd\u011blit, cht\u011bj\u00ed komunikovat a b\u00fdt v\u00a0kontaktu. Hledaj\u00ed pak pochopen\u00ed a \u00fat\u011bchu jinde. A co zbyde n\u00e1m? Vy\u0161et\u0159ete alespo\u0148 chvilku ka\u017ed\u00fd den, ptejte se, zaj\u00edmejte, a to stejn\u00e9 cht\u011bjte od druh\u00fdch. Pom\u00e1hejte, ra\u010fte a nechte si naopak pomoct. Ne\u017eijte s\u00a0pocitem, \u017ee jen Vy d\u011bl\u00e1te v\u0161echno nejl\u00edp a druz\u00ed to tak neum\u00ed.\tHarmonie barevVyhrajte si s\u00a0barvami v\u00a0interi\u00e9ru tak, aby se V\u00e1m zde dob\u0159e odpo\u010d\u00edvalo a p\u016fsobily dom\u00e1cky a \u00fatuln\u011b. Jen t\u011b\u017eko se bude us\u00ednat v\u00a0k\u0159iklav\u00e9 lo\u017enici, nebo odpo\u010d\u00edvat v\u00a0m\u00edstnosti, kde barvy p\u0159\u00edmo bij\u00ed do o\u010d\u00ed. Kdy\u017e za\u0159izujete svoje obydl\u00ed a nejste zrovna mist\u0159i designu, oslovte odborn\u00edka. Ka\u017ed\u00fd bytov\u00fd design\u00e9r, nebo architekt \u0159ekne co se hod\u00ed: Pokud mu p\u0159edem nakoncipujete, co se V\u00e1m l\u00edb\u00ed, \u010di nel\u00edb\u00ed, interi\u00e9r rozhodn\u011b uzp\u016fsob\u00ed podle p\u0159\u00e1n\u00ed. Mnohdy dokonce existuj\u00ed materi\u00e1ly, nebo dopl\u0148ky o kter\u00fdch nem\u00e1te ani zd\u00e1n\u00ed. I skladba n\u00e1bytku, nebo bytov\u00e9ho vybaven\u00ed se vyplat\u00ed konzultovat s\u00a0odborn\u00edky. Nechte prostory d\u00fdchat, budou p\u016fsobit provzdu\u0161n\u011bn\u00fdm a sv\u011b\u017e\u00edm dojmem. Samoz\u0159ejm\u011b jednodu\u0161\u0161\u00ed bytov\u00e9 za\u0159\u00edzen\u00ed podstatn\u011b usnadn\u00ed i \u00faklid.\u00a0                                                                                                                                                                                                                                                                                                                                                                                        4.3\/5 - (11 votes)        "},{"@context":"https:\/\/schema.org\/","@type":"BreadcrumbList","itemListElement":[{"@type":"ListItem","position":1,"name":"Kdy\u017e se \u0159ekne doma","item":"https:\/\/www.artamo.cz\/kdyz-se-rekne-doma\/#breadcrumbitem"}]}]