[{"@context":"https:\/\/schema.org\/","@type":"Article","@id":"https:\/\/www.artamo.cz\/fotografie-ktere-maji-svuj-pribeh-a-kouzlo\/#Article","mainEntityOfPage":"https:\/\/www.artamo.cz\/fotografie-ktere-maji-svuj-pribeh-a-kouzlo\/","headline":"Fotografie, kter\u00e9 maj\u00ed sv\u016fj p\u0159\u00edb\u011bh a kouzlo","name":"Fotografie, kter\u00e9 maj\u00ed sv\u016fj p\u0159\u00edb\u011bh a kouzlo","description":"Po&Aring;&#8482;izov&Atilde;&iexcl;n&Atilde;&shy; fotografi&Atilde;&shy;, kter&Atilde;&copy; zachyt&Atilde;&shy; ka&Aring;&frac34;d&Atilde;&frac12; d&Aring;&macr;le&Aring;&frac34;it&Atilde;&frac12; okam&Aring;&frac34;ik v na&Aring;&iexcl;em &Aring;&frac34;ivot&Auml;&#8250; na v&Auml;&#8250;&Auml;nou pam&Atilde;&iexcl;tku je pro mnoho lid&Atilde;&shy; n&Auml;&#8250;co, co praktikuj&Atilde;&shy; denn&Auml;&#8250;. Abyste v&Aring;&iexcl;ak doc&Atilde;&shy;lili nejen pam&Atilde;&iexcl;te&Auml;n&Atilde;&shy;ho sn&Atilde;&shy;mku, ale i obr&Atilde;&iexcl;zku, ze kter&Atilde;&copy;ho jde &Aring;&frac34;ivot, radost a &Aring;&iexcl;t&Auml;&#8250;st&Atilde;&shy;, mus&Atilde;&shy;te si vybrat nejen spr&Atilde;&iexcl;vn&Atilde;&copy; m&Atilde;&shy;sto k focen&Atilde;&shy;, ale p&Aring;&#8482;izp&Aring;&macr;sobit mu i sv&Auml;&#8250;tlo","datePublished":"2020-08-08","dateModified":"2023-11-15","author":{"@type":"Person","@id":"https:\/\/www.artamo.cz\/author\/devene\/#Person","name":"devene","url":"https:\/\/www.artamo.cz\/author\/devene\/","identifier":1,"image":{"@type":"ImageObject","@id":"https:\/\/secure.gravatar.com\/avatar\/44215cbfc388d6c267f7eccf0a5fae95a459f733d44435ee1a21bfc9d2aea339?s=96&d=mm&r=g","url":"https:\/\/secure.gravatar.com\/avatar\/44215cbfc388d6c267f7eccf0a5fae95a459f733d44435ee1a21bfc9d2aea339?s=96&d=mm&r=g","height":96,"width":96}},"publisher":{"@type":"Organization","name":"artamo.cz","logo":{"@type":"ImageObject","@id":"\/logo.png","url":"\/logo.png","width":600,"height":60}},"image":{"@type":"ImageObject","@id":"https:\/\/www.artamo.cz\/wp-content\/uploads\/t%C4%9Bhotn%C3%A1%20%C5%BEena.jpg","url":"https:\/\/www.artamo.cz\/wp-content\/uploads\/t%C4%9Bhotn%C3%A1%20%C5%BEena.jpg","height":0,"width":0},"url":"https:\/\/www.artamo.cz\/fotografie-ktere-maji-svuj-pribeh-a-kouzlo\/","about":["Byznys"],"wordCount":831,"articleBody":" Po&Aring;&#8482;izov&Atilde;&iexcl;n&Atilde;&shy; fotografi&Atilde;&shy;, kter&Atilde;&copy; zachyt&Atilde;&shy; ka&Aring;&frac34;d&Atilde;&frac12; d&Aring;&macr;le&Aring;&frac34;it&Atilde;&frac12; okam&Aring;&frac34;ik v na&Aring;&iexcl;em &Aring;&frac34;ivot&Auml;&#8250; na v&Auml;&#8250;&Auml;nou pam&Atilde;&iexcl;tku je pro mnoho lid&Atilde;&shy; n&Auml;&#8250;co, co praktikuj&Atilde;&shy; denn&Auml;&#8250;. Abyste v&Aring;&iexcl;ak doc&Atilde;&shy;lili nejen pam&Atilde;&iexcl;te&Auml;n&Atilde;&shy;ho sn&Atilde;&shy;mku, ale i obr&Atilde;&iexcl;zku, ze kter&Atilde;&copy;ho jde &Aring;&frac34;ivot, radost a &Aring;&iexcl;t&Auml;&#8250;st&Atilde;&shy;, mus&Atilde;&shy;te si vybrat nejen spr&Atilde;&iexcl;vn&Atilde;&copy; m&Atilde;&shy;sto k focen&Atilde;&shy;, ale p&Aring;&#8482;izp&Aring;&macr;sobit mu i sv&Auml;&#8250;tlo a v neposledn&Atilde;&shy; &Aring;&#8482;ad&Auml;&#8250; mu dodat i kvalitu.V&Auml;&#8250;t&Aring;&iexcl;ina lid&Atilde;&shy; k tomu pou&Aring;&frac34;&Atilde;&shy;v&Atilde;&iexcl; mobiln&Atilde;&shy; telefony, d&Atilde;&shy;ky kter&Atilde;&frac12;m v&Aring;&iexcl;ak nedos&Atilde;&iexcl;hnou sn&Atilde;&shy;mk&Aring;&macr;, kter&Atilde;&copy; by o&Auml;ek&Atilde;&iexcl;vali. Napravit to v&Aring;&iexcl;ak m&Aring;&macr;&Aring;&frac34;ete t&Atilde;&shy;m, &Aring;&frac34;e se nech&Atilde;&iexcl;te vyfotit od profesion&Atilde;&iexcl;ln&Atilde;&shy;ho fotografa, kter&Atilde;&frac12; v&Atilde;&iexcl;m ud&Auml;&#8250;l&Atilde;&iexcl; sn&Atilde;&shy;mky na vysok&Atilde;&copy; &Atilde;&ordm;rovni a s n&Atilde;&iexcl;dechem &Aring;&frac34;ivota.D&Atilde;&shy;la, kter&Atilde;&iexcl; sami nevytvo&Aring;&#8482;&Atilde;&shy;teFotografka Zl&Atilde;&shy;n  se postar&Atilde;&iexcl; o to, aby bylo va&Aring;&iexcl;e focen&Atilde;&shy; kouzeln&Atilde;&copy;, p&Aring;&#8482;irozen&Atilde;&copy;, pohodov&Atilde;&copy; a samoz&Aring;&#8482;ejm&Auml;&#8250; s v&Atilde;&frac12;sledkem, kter&Atilde;&frac12; v&Atilde;&iexcl;s p&Aring;&#8482;esv&Auml;&#8250;d&Auml;&Atilde;&shy; o tom, &Aring;&frac34;e d&Aring;&macr;le&Aring;&frac34;it&Atilde;&copy; okam&Aring;&frac34;iky je dobr&Atilde;&copy; nechat zaznamenat odborn&Atilde;&shy;kem. Jej&Atilde;&shy; pr&Atilde;&iexcl;ce se zam&Auml;&#8250;&Aring;&#8482;uje na skupinu z&Atilde;&iexcl;kazn&Atilde;&shy;k&Aring;&macr;, jak&Atilde;&frac12;mi jsou rodiny s d&Auml;&#8250;tmi, kdy si chcete nechat ud&Auml;&#8250;lat rodinn&Atilde;&frac12; portr&Atilde;&copy;t nebo jednodu&Aring;&iexcl;e vyfotit va&Aring;&iexcl;e ratolesti tak, aby na sn&Atilde;&shy;mc&Atilde;&shy;ch u&Aring;&frac34; nebyly po&Aring;&#8482;&Atilde;&iexcl;d jenom rozmazan&Atilde;&copy; nebo v pohybu.Tyto fotografie jsou takt&Atilde;&copy;&Aring;&frac34; velmi origin&Atilde;&iexcl;ln&Atilde;&shy;m d&Atilde;&iexcl;rkem pro nejbli&Aring;&frac34;&Aring;&iexcl;&Atilde;&shy; &Auml;leny rodiny, a&Aring;&yen; u&Aring;&frac34; na V&Atilde;&iexcl;noce nebo k narozenin&Atilde;&iexcl;m.Dal&Aring;&iexcl;&Atilde;&shy; kategorie, kter&Atilde;&iexcl; oslov&Atilde;&shy; p&Aring;&#8482;edev&Aring;&iexcl;&Atilde;&shy;m p&Atilde;&iexcl;ry v o&Auml;ek&Atilde;&iexcl;v&Atilde;&iexcl;n&Atilde;&shy; &acirc;&#8364;&#8220; je focen&Atilde;&shy; v t&Auml;&#8250;hotenstv&Atilde;&shy;. Mnoho z v&Atilde;&iexcl;s dob&Aring;&#8482;e v&Atilde;&shy;, &Aring;&frac34;e se jedn&Atilde;&iexcl; o obdob&Atilde;&shy;, kter&Atilde;&copy; se tak &Auml;asto neopakuje a je v&Atilde;&shy;ce ne&Aring;&frac34; n&Atilde;&iexcl;dhern&Atilde;&copy;, m&Atilde;&shy;t ho v pam&Auml;&#8250;ti alespo&Aring;&#710; v pod&Atilde;&iexcl;n&Atilde;&shy; sn&Atilde;&shy;mku s t&Auml;&#8250;hotensk&Atilde;&frac12;m b&Aring;&#8482;&Atilde;&shy;&Aring;&iexcl;kem. Po porodu je pak velmi vyhled&Atilde;&iexcl;vanou slu&Aring;&frac34;bou novorozeneck&Atilde;&copy; focen&Atilde;&shy;, kter&Atilde;&copy; se ov&Aring;&iexcl;em prov&Atilde;&iexcl;d&Atilde;&shy; je&Aring;&iexcl;t&Auml;&#8250; v dob&Auml;&#8250; &Aring;&iexcl;estined&Auml;&#8250;l&Atilde;&shy;. Pokud se tedy po porodu budete c&Atilde;&shy;tit fit a v&Aring;&iexcl;echno bude prob&Atilde;&shy;hat tak, jak m&Atilde;&iexcl;, nev&Atilde;&iexcl;hejte se objednat na roztomil&Atilde;&copy; a nezapomenuteln&Atilde;&copy; zachycen&Atilde;&shy; prvn&Atilde;&shy;ch t&Atilde;&frac12;dn&Aring;&macr; va&Aring;&iexcl;eho miminka pr&Atilde;&iexcl;v&Auml;&#8250; v ateli&Atilde;&copy;ru, kter&Atilde;&frac12; nijak jeho pohodu a re&Aring;&frac34;im nenaru&Aring;&iexcl;&Atilde;&shy;.Na pam&Atilde;&iexcl;tku v&Atilde;&iexcl;m z&Aring;&macr;stanou sn&Atilde;&shy;mky, kter&Atilde;&frac12;mi se budete moct chlubit po zbytek &Aring;&frac34;ivota a rovn&Auml;&#8250;&Aring;&frac34; i vzpom&Atilde;&shy;nky, kter&Atilde;&copy; se v&Atilde;&iexcl;m z pam&Auml;&#8250;ti jen tak nevytrat&Atilde;&shy;.                                                                                                                                                                                                                                                                                                                                                                                         3.9\/5 - (12 votes)        "},{"@context":"https:\/\/schema.org\/","@type":"BreadcrumbList","itemListElement":[{"@type":"ListItem","position":1,"name":"Fotografie, kter\u00e9 maj\u00ed sv\u016fj p\u0159\u00edb\u011bh a kouzlo","item":"https:\/\/www.artamo.cz\/fotografie-ktere-maji-svuj-pribeh-a-kouzlo\/#breadcrumbitem"}]}]